{"id":26471,"date":"2025-08-07T09:06:09","date_gmt":"2025-08-07T08:06:09","guid":{"rendered":"https:\/\/www.weddies.de\/hochzeitsblog\/?p=26471"},"modified":"2025-08-07T09:06:11","modified_gmt":"2025-08-07T08:06:11","slug":"der-perfekte-hochzeitsfotograf-und-hochzeitsvideograf-fuer-euren-grossen-tag-in-der-schweiz","status":"publish","type":"post","link":"https:\/\/www.weddies.de\/hochzeitsblog\/der-perfekte-hochzeitsfotograf-und-hochzeitsvideograf-fuer-euren-grossen-tag-in-der-schweiz\/","title":{"rendered":"Der perfekte Hochzeitsfotograf &amp; Hochzeitsvideograf f\u00fcr euren grossen Tag in der Schweiz"},"content":{"rendered":"\n<div style=\"height:40px\" aria-hidden=\"true\" class=\"wp-block-spacer\"><\/div>\n\n\n\n<p>Tipp: Wenn ihr eure Hochzeit in der Schweiz plant und auf der Suche nach erstklassiger Foto- und Videobegleitung seid, dann seid ihr bei\u00a0<a href=\"https:\/\/www.dein-hochzeitsfotograf.ch\/\" target=\"_blank\" rel=\"noreferrer noopener\">dein-hochzeitsfotograf.ch<\/a>\u00a0genau richtig.<\/p>\n\n\n\n<div style=\"height:20px\" aria-hidden=\"true\" class=\"wp-block-spacer\"><\/div>\n\n\n\n<h2 class=\"wp-block-heading\"><strong>Emotionale Hochzeitsreportagen \u2013 authentisch und zeitlos<\/strong><\/h2>\n\n\n\n<p>Ein guter Hochzeitsfotograf macht nicht einfach nur Bilder \u2013 er erz\u00e4hlt eure Geschichte in Bildern. Genau das ist das Markenzeichen von\u00a0<a href=\"https:\/\/www.dein-hochzeitsfotograf.ch\/\" target=\"_blank\" rel=\"noreferrer noopener\">dein-hochzeitsfotograf.ch<\/a>: authentische Reportagen, die euch und eure G\u00e4ste so zeigen, wie ihr seid \u2013 echt, emotional und wundersch\u00f6n inszeniert.<\/p>\n\n\n\n<p>Das ausgew\u00e4hlten Dienstleister auf der Plattform setzen auf Nat\u00fcrlichkeit statt gestellter Posen. Vom Getting Ready \u00fcber die Trauung bis hin zur ausgelassenen Feier am Abend begleiten euch die Profis unauff\u00e4llig und diskret \u2013 und fangen dabei die grossen wie auch die kleinen, stillen Momente ein.<\/p>\n\n\n\n<p>Dabei spielt es keine Rolle, ob ihr im urbanen Z\u00fcrich, im romantischen Luzern oder in den majest\u00e4tischen Bergen von Graub\u00fcnden heiratet. In der gesamten Schweiz stehen euch lokale Profis zur Verf\u00fcgung \u2013 beispielsweise in:<\/p>\n\n\n\n<ul class=\"wp-block-list\">\n<li><a href=\"https:\/\/www.dein-hochzeitsfotograf.ch\/hochzeitsfotograf-luzern\" target=\"_blank\" rel=\"noreferrer noopener\">Luzern<\/a><\/li>\n\n\n\n<li><a href=\"https:\/\/www.dein-hochzeitsfotograf.ch\/hochzeitsfotograf-zuerich\" target=\"_blank\" rel=\"noreferrer noopener\">Z\u00fcrich<\/a><\/li>\n\n\n\n<li><a href=\"https:\/\/www.dein-hochzeitsfotograf.ch\/hochzeitsfotograf-bern\" target=\"_blank\" rel=\"noreferrer noopener\">Bern<\/a><\/li>\n\n\n\n<li><a href=\"https:\/\/www.dein-hochzeitsfotograf.ch\/hochzeitsfotograf-basel\" target=\"_blank\" rel=\"noreferrer noopener\">Basel<\/a><\/li>\n\n\n\n<li><a href=\"https:\/\/www.dein-hochzeitsfotograf.ch\/hochzeitsfotograf-aargau\" target=\"_blank\" rel=\"noreferrer noopener\">Aargau<\/a><\/li>\n\n\n\n<li><a href=\"https:\/\/www.dein-hochzeitsfotograf.ch\/hochzeitsfotograf-zug\" target=\"_blank\" rel=\"noreferrer noopener\">Zug<\/a><\/li>\n\n\n\n<li><a href=\"https:\/\/www.dein-hochzeitsfotograf.ch\/hochzeitsfotograf-st-gallen\" target=\"_blank\" rel=\"noreferrer noopener\">St. Gallen<\/a><\/li>\n\n\n\n<li><a href=\"https:\/\/www.dein-hochzeitsfotograf.ch\/hochzeitsfotograf-wallis\" target=\"_blank\" rel=\"noreferrer noopener\">Wallis<\/a><\/li>\n\n\n\n<li><a href=\"https:\/\/www.dein-hochzeitsfotograf.ch\/hochzeitsfotograf-graubuenden\" target=\"_blank\" rel=\"noreferrer noopener\">Graub\u00fcnden<\/a><\/li>\n<\/ul>\n\n\n\n<div style=\"height:40px\" aria-hidden=\"true\" class=\"wp-block-spacer\"><\/div>\n\n\n\n<p>So habt ihr stets jemanden an eurer Seite, der sich mit der Region auskennt \u2013 und die sch\u00f6nsten Fotospots kennt.<\/p>\n\n\n\n<div style=\"height:20px\" aria-hidden=\"true\" class=\"wp-block-spacer\"><\/div>\n\n\n\n<h2 class=\"wp-block-heading\"><strong>Mehr als nur Fotos: Bewegende Hochzeitsfilme<\/strong><\/h2>\n\n\n\n<p>Bilder sagen mehr als tausend Worte \u2013 doch ein Hochzeitsfilm l\u00e4sst euch jeden Moment wieder und wieder erleben. Die erfahrenen\u00a0<a href=\"https:\/\/www.dein-hochzeitsfotograf.ch\/videografen\" target=\"_blank\" rel=\"noreferrer noopener\">Hochzeitsvideografen<\/a>\u00a0von dein-hochzeitsfotograf.ch erstellen emotionale Filme, die mit ihrer Bildsprache und Musikauswahl G\u00e4nsehaut garantieren.<\/p>\n\n\n\n<p>Ob romantischer Highlight-Film f\u00fcr Social Media oder eine ausf\u00fchrliche Dokumentation eures gesamten Tages \u2013 hier bekommt ihr individuelle Videopakete, perfekt abgestimmt auf eure W\u00fcnsche. Die Videos sind mehr als reine Erinnerung \u2013 sie sind wie eine ultimative Zeitkapsel eurer Liebe.<\/p>\n\n\n\n<p>Dank ihrer Erfahrung und professionellen Technik fangen die Videografen auch in hektischen Momenten die Essenz eures Hochzeitstages ein \u2013 dezent im Hintergrund und dennoch immer mittendrin.<\/p>\n\n\n\n<div style=\"height:20px\" aria-hidden=\"true\" class=\"wp-block-spacer\"><\/div>\n\n\n\n<h2 class=\"wp-block-heading\"><strong><strong>Warum \u201eDein Hochzeitsfotograf\u201c die richtige Wahl ist<\/strong><\/strong><\/h2>\n\n\n\n<p>Die Dienstleister hinter dein-hochzeitsfotograf.ch vereinen nicht nur handwerkliches K\u00f6nnen und k\u00fcnstlerisches Gesp\u00fcr \u2013 sondern vor allem auch eines: echtes Engagement. Sie wissen, dass jede Hochzeit einzigartig ist. Deshalb nehmen sie sich Zeit, euch als Paar kennenzulernen, auf eure W\u00fcnsche einzugehen und ein Gef\u00fchl f\u00fcr euren Stil zu entwickeln.<\/p>\n\n\n\n<p>Ihr habt zudem den Vorteil, dass ihr bei Bedarf gleich&nbsp;<strong>Foto- und Videoteam aus einer Hand<\/strong>&nbsp;buchen k\u00f6nnt. Das spart nicht nur Zeit bei der Organisation, sondern sorgt auch f\u00fcr einen reibungslosen Ablauf am Hochzeitstag selbst. Die Teams sind perfekt aufeinander eingespielt und wissen, wie man sich gegenseitig erg\u00e4nzt, ohne sich bei der Arbeit zu st\u00f6ren.<\/p>\n\n\n\n<div style=\"height:20px\" aria-hidden=\"true\" class=\"wp-block-spacer\"><\/div>\n\n\n\n<h2 class=\"wp-block-heading\"><strong>Pers\u00f6nlich, flexibel und zuverl\u00e4ssig<\/strong><\/h2>\n\n\n\n<p>Ein weiterer Pluspunkt: Die Zusammenarbeit ist unkompliziert und transparent. Von der ersten Anfrage \u00fcber die individuelle Beratung bis zur Auslieferung eurer Fotos und Filme stehen euch die Dienstleister jederzeit zur Seite.\u00a0<\/p>\n\n\n\n<div style=\"height:20px\" aria-hidden=\"true\" class=\"wp-block-spacer\"><\/div>\n\n\n\n<h2 class=\"wp-block-heading\"><strong><strong>Fazit: Erinnerungen, die bleiben<\/strong><\/strong><\/h2>\n\n\n\n<p>Eine Hochzeit ist ein einmaliges Ereignis \u2013 und genauso einzigartig sollte auch die Erinnerung daran sein. Mit einem erfahrenen\u00a0<strong>Hochzeitsfotografen<\/strong>\u00a0und einem kreativen\u00a0<strong>Hochzeitsvideografen<\/strong>\u00a0von\u00a0<a href=\"https:\/\/www.dein-hochzeitsfotograf.ch\/\" target=\"_blank\" rel=\"noreferrer noopener\">dein-hochzeitsfotograf.ch<\/a>\u00a0sichert ihr euch emotionale Bilder und Filme, die euch ein Leben lang begleiten.<\/p>\n\n\n\n<p>Ganz gleich, ob ihr euch das Jawort in einer romantischen Bergkapelle, in einem Schloss am See oder in einem urbanen Loft gebt \u2013 die Profis von dein-hochzeitsfotograf.ch sind \u00fcberall in der Schweiz f\u00fcr euch da. Schaut euch die verschiedenen Angebote an, entdeckt die regionalen Dienstleister und sichert euch euren Wunschtermin rechtzeitig.<\/p>\n\n\n\n<div style=\"height:20px\" aria-hidden=\"true\" class=\"wp-block-spacer\"><\/div>\n\n\n<div class=\"wp-block-image\">\n<figure class=\"alignleft size-full is-resized\"><img fetchpriority=\"high\" decoding=\"async\" width=\"600\" height=\"210\" src=\"https:\/\/www.weddies.de\/hochzeitsblog\/wp-content\/uploads\/2025\/05\/viktoria-weddies-hochzeitsblog.jpg\" alt=\"Viktoria vom weddies Hochzeitsblog\" class=\"wp-image-25319\" style=\"width:300px\" srcset=\"https:\/\/www.weddies.de\/hochzeitsblog\/wp-content\/uploads\/2025\/05\/viktoria-weddies-hochzeitsblog.jpg 600w, https:\/\/www.weddies.de\/hochzeitsblog\/wp-content\/uploads\/2025\/05\/viktoria-weddies-hochzeitsblog-300x105.jpg 300w\" sizes=\"(max-width: 600px) 100vw, 600px\" \/><\/figure><\/div>\n\n\n<p><\/p>\n\n\n\n<p><\/p>\n\n\n\n<div style=\"height:40px\" aria-hidden=\"true\" class=\"wp-block-spacer\"><\/div>\n\n\n\t\t<div data-elementor-type=\"section\" data-elementor-id=\"18825\" class=\"elementor elementor-18825\" data-elementor-post-type=\"elementor_library\">\n\t\t\t\t\t<section class=\"elementor-section elementor-top-section elementor-element elementor-element-7a92502 elementor-section-boxed elementor-section-height-default elementor-section-height-default\" data-id=\"7a92502\" data-element_type=\"section\" data-settings=\"{&quot;background_background&quot;:&quot;classic&quot;}\">\n\t\t\t\t\t\t<div class=\"elementor-container elementor-column-gap-default\">\n\t\t\t\t\t<div class=\"elementor-column elementor-col-100 elementor-top-column elementor-element elementor-element-e793fed\" data-id=\"e793fed\" data-element_type=\"column\">\n\t\t\t<div class=\"elementor-widget-wrap elementor-element-populated\">\n\t\t\t\t\t\t<section class=\"elementor-section elementor-inner-section elementor-element elementor-element-1eab2e4 elementor-section-boxed elementor-section-height-default elementor-section-height-default\" data-id=\"1eab2e4\" data-element_type=\"section\">\n\t\t\t\t\t\t<div class=\"elementor-container elementor-column-gap-default\">\n\t\t\t\t\t<div class=\"elementor-column elementor-col-50 elementor-inner-column elementor-element elementor-element-2fdaf2e\" data-id=\"2fdaf2e\" data-element_type=\"column\">\n\t\t\t<div class=\"elementor-widget-wrap elementor-element-populated\">\n\t\t\t\t\t\t<div class=\"elementor-element elementor-element-348e55a elementor-widget elementor-widget-heading\" data-id=\"348e55a\" data-element_type=\"widget\" data-widget_type=\"heading.default\">\n\t\t\t\t\t<h4 class=\"elementor-heading-title elementor-size-large\"><span class=\"elementor-heading-title elementor-size-large elementor-inline-editing pen\" data-elementor-setting-key=\"title\" data-pen-placeholder=\"Eingabe hier...\">Hole dir den neusten Blogpost <\/span><\/h4>\t\t\t\t<\/div>\n\t\t\t\t<div class=\"elementor-element elementor-element-32f819e elementor-widget elementor-widget-text-editor\" data-id=\"32f819e\" data-element_type=\"widget\" data-widget_type=\"text-editor.default\">\n\t\t\t\t\t\t\t\t\t<p>direkt in dein E-Mail Postfach!<\/p>\t\t\t\t\t\t\t\t<\/div>\n\t\t\t\t\t<\/div>\n\t\t<\/div>\n\t\t\t\t<div class=\"elementor-column elementor-col-50 elementor-inner-column elementor-element elementor-element-2df5ba3\" data-id=\"2df5ba3\" data-element_type=\"column\">\n\t\t\t<div class=\"elementor-widget-wrap\">\n\t\t\t\t\t\t\t<\/div>\n\t\t<\/div>\n\t\t\t\t\t<\/div>\n\t\t<\/section>\n\t\t\t\t\t<\/div>\n\t\t<\/div>\n\t\t\t\t\t<\/div>\n\t\t<\/section>\n\t\t\t\t<section class=\"elementor-section elementor-inner-section elementor-element elementor-element-4c08675 elementor-section-content-top elementor-section-boxed elementor-section-height-default elementor-section-height-default\" data-id=\"4c08675\" data-element_type=\"section\" data-settings=\"{&quot;background_background&quot;:&quot;classic&quot;}\">\n\t\t\t\t\t\t<div class=\"elementor-container elementor-column-gap-no\">\n\t\t\t\t\t<div class=\"elementor-column elementor-col-50 elementor-inner-column elementor-element elementor-element-aacd057\" data-id=\"aacd057\" data-element_type=\"column\" data-settings=\"{&quot;background_background&quot;:&quot;classic&quot;}\">\n\t\t\t<div class=\"elementor-widget-wrap elementor-element-populated\">\n\t\t\t\t\t\t<div class=\"elementor-element elementor-element-0fe210f elementor-widget elementor-widget-image\" data-id=\"0fe210f\" data-element_type=\"widget\" data-widget_type=\"image.default\">\n\t\t\t\t\t\t\t\t\t\t\t\t\t\t\t<img decoding=\"async\" src=\"https:\/\/www.weddies.de\/hochzeitsblog\/wp-content\/uploads\/elementor\/thumbs\/weddies-hochzeitsblog-mail-polsq9amzcbken78qzndwlmcmew2bbn9yyxka7hq60.jpg\" title=\"weddies-hochzeitsblog-mail\" alt=\"weddies Hochzeitsblog Newsletter\" loading=\"lazy\" \/>\t\t\t\t\t\t\t\t\t\t\t\t\t\t\t<\/div>\n\t\t\t\t\t<\/div>\n\t\t<\/div>\n\t\t\t\t<div class=\"elementor-column elementor-col-50 elementor-inner-column elementor-element elementor-element-825ee5a\" data-id=\"825ee5a\" data-element_type=\"column\">\n\t\t\t<div class=\"elementor-widget-wrap elementor-element-populated\">\n\t\t\t\t\t\t<div class=\"elementor-element elementor-element-e6bb155 elementor-widget elementor-widget-text-editor\" data-id=\"e6bb155\" data-element_type=\"widget\" data-widget_type=\"text-editor.default\">\n\t\t\t\t\t\t\t\t\t<span style=\"text-align: left;\">Einfach beide Felder ausf\u00fcllen und schon kommt die Blog-Post direkt in dein E-Mail Postfach!<\/span>\t\t\t\t\t\t\t\t<\/div>\n\t\t\t\t<div class=\"elementor-element elementor-element-ddb6249 elementor-button-align-start elementor-widget elementor-widget-form\" data-id=\"ddb6249\" data-element_type=\"widget\" data-settings=\"{&quot;step_next_label&quot;:&quot;Next&quot;,&quot;step_previous_label&quot;:&quot;Previous&quot;,&quot;button_width&quot;:&quot;100&quot;,&quot;step_type&quot;:&quot;number_text&quot;,&quot;step_icon_shape&quot;:&quot;circle&quot;}\" data-widget_type=\"form.default\">\n\t\t\t\t\t\t\t<form class=\"elementor-form\" method=\"post\" name=\"Blog-Newsletter\">\n\t\t\t<input type=\"hidden\" name=\"post_id\" value=\"18825\"\/>\n\t\t\t<input type=\"hidden\" name=\"form_id\" value=\"ddb6249\"\/>\n\t\t\t<input type=\"hidden\" name=\"referer_title\" value=\"Freie Trauung: Die 7 wichtigsten Fragen \u2013 und die Antworten!\" \/>\n\n\t\t\t\t\t\t\t<input type=\"hidden\" name=\"queried_id\" value=\"20338\"\/>\n\t\t\t\n\t\t\t<div class=\"elementor-form-fields-wrapper elementor-labels-\">\n\t\t\t\t\t\t\t\t<div class=\"elementor-field-type-text elementor-field-group elementor-column elementor-field-group-name elementor-col-100 elementor-field-required\">\n\t\t\t\t\t\t\t\t\t\t\t\t<label for=\"form-field-name\" class=\"elementor-field-label elementor-screen-only\">\n\t\t\t\t\t\t\t\tDein Vorname\t\t\t\t\t\t\t<\/label>\n\t\t\t\t\t\t\t\t\t\t\t\t\t\t<input size=\"1\" type=\"text\" name=\"form_fields[name]\" id=\"form-field-name\" class=\"elementor-field elementor-size-sm  elementor-field-textual\" placeholder=\"Dein Vorname\" required=\"required\">\n\t\t\t\t\t\t\t\t\t\t\t<\/div>\n\t\t\t\t\t\t\t\t<div class=\"elementor-field-type-email elementor-field-group elementor-column elementor-field-group-email elementor-col-100 elementor-field-required\">\n\t\t\t\t\t\t\t\t\t\t\t\t<label for=\"form-field-email\" class=\"elementor-field-label elementor-screen-only\">\n\t\t\t\t\t\t\t\tDeine E-Mail Adresse\t\t\t\t\t\t\t<\/label>\n\t\t\t\t\t\t\t\t\t\t\t\t\t\t<input size=\"1\" type=\"email\" name=\"form_fields[email]\" id=\"form-field-email\" class=\"elementor-field elementor-size-sm  elementor-field-textual\" placeholder=\"Deine E-Mail Adresse\" required=\"required\">\n\t\t\t\t\t\t\t\t\t\t\t<\/div>\n\t\t\t\t\t\t\t\t<div class=\"elementor-field-type-acceptance elementor-field-group elementor-column elementor-field-group-field_5526a36 elementor-col-100 elementor-field-required\">\n\t\t\t\t\t\t\t\t\t\t\t\t<label for=\"form-field-field_5526a36\" class=\"elementor-field-label elementor-screen-only\">\n\t\t\t\t\t\t\t\tCheckbox\t\t\t\t\t\t\t<\/label>\n\t\t\t\t\t\t\t\t<div class=\"elementor-field-subgroup\">\n\t\t\t<span class=\"elementor-field-option\">\n\t\t\t\t<input type=\"checkbox\" name=\"form_fields[field_5526a36]\" id=\"form-field-field_5526a36\" class=\"elementor-field elementor-size-sm  elementor-acceptance-field\" required=\"required\">\n\t\t\t\t<label for=\"form-field-field_5526a36\"><p style=\"font-size:10px;\">Ja, ich stimme der <a target=\"_blank\" href=\"https:\/\/www.weddies.de\/hochzeitsalbum\/datenschutz\">Datenschutzerkl\u00e4rung<\/a> zu und melde mich f\u00fcr den regelm\u00e4\u00dfigen Newsletter von weddies an. Du kannst Deine Einwilligung jederzeit kostenfrei f\u00fcr die Zukunft per E-Mail an info@weddies.de widerrufen.<\/p><\/label>\t\t\t<\/span>\n\t\t<\/div>\n\t\t\t\t\t\t<\/div>\n\t\t\t\t\t\t\t\t<div class=\"elementor-field-group elementor-column elementor-field-type-submit elementor-col-100 e-form__buttons\">\n\t\t\t\t\t<button class=\"elementor-button elementor-size-md\" type=\"submit\">\n\t\t\t\t\t\t<span class=\"elementor-button-content-wrapper\">\n\t\t\t\t\t\t\t\t\t\t\t\t\t\t\t\t\t\t\t\t\t\t<span class=\"elementor-button-text\">Ja, ich will !<\/span>\n\t\t\t\t\t\t\t\t\t\t\t\t\t<\/span>\n\t\t\t\t\t<\/button>\n\t\t\t\t<\/div>\n\t\t\t<\/div>\n\t\t<\/form>\n\t\t\t\t\t\t<\/div>\n\t\t\t\t\t<\/div>\n\t\t<\/div>\n\t\t\t\t\t<\/div>\n\t\t<\/section>\n\t\t\t\t<\/div>\n\t\t\n","protected":false},"excerpt":{"rendered":"<p>Die Hochzeit ist einer der bedeutendsten Tage im Leben eines Paares \u2013 voller Emotionen, liebevoller Details und unvergesslicher Momente. Doch wie schafft man es, diese kostbaren Augenblicke f\u00fcr immer festzuhalten? Die Antwort ist einfach: mit einem professionellen\u00a0<b>Hochzeitsfotografen<\/b>\u00a0und einem kreativen\u00a0<b>Hochzeitsvideografen<\/b>, die euer Fest mit Leidenschaft, Feingef\u00fchl und einem Blick f\u00fcr das Besondere begleiten.<\/p>\n","protected":false},"author":3066,"featured_media":26475,"comment_status":"open","ping_status":"open","sticky":false,"template":"","format":"standard","meta":{"_mo_disable_npp":"","footnotes":""},"categories":[1,3681,3680,3676],"tags":[3558,3726],"class_list":["post-26471","post","type-post","status-publish","format-standard","has-post-thumbnail","hentry","category-hochzeitsblog","category-hochzeitsfotos","category-hochzeitsplanung","category-wed_iv","tag-hochzeitsfotograf","tag-hochzeitsvideograf"],"yoast_head":"<!-- This site is optimized with the Yoast SEO plugin v25.0 - https:\/\/yoast.com\/wordpress\/plugins\/seo\/ -->\n<title>Hochzeitsfotograf &amp; Videograf Schweiz \u2013 Dein perfekter Tag in Bildern<\/title>\n<meta name=\"description\" content=\"Finde deinen Hochzeitsfotograf &amp; Videograf in der Schweiz. Authentische Fotos &amp; emotionale Filme f\u00fcr unvergessliche Erinnerungen an euren grossen Tag.\" \/>\n<meta name=\"robots\" content=\"index, follow, max-snippet:-1, max-image-preview:large, max-video-preview:-1\" \/>\n<link rel=\"canonical\" href=\"https:\/\/www.weddies.de\/hochzeitsblog\/der-perfekte-hochzeitsfotograf-und-hochzeitsvideograf-fuer-euren-grossen-tag-in-der-schweiz\/\" \/>\n<meta property=\"og:locale\" content=\"de_DE\" \/>\n<meta property=\"og:type\" content=\"article\" \/>\n<meta property=\"og:title\" content=\"Hochzeitsfotograf &amp; Videograf Schweiz \u2013 Dein perfekter Tag in Bildern\" \/>\n<meta property=\"og:description\" content=\"Finde deinen Hochzeitsfotograf &amp; Videograf in der Schweiz. Authentische Fotos &amp; emotionale Filme f\u00fcr unvergessliche Erinnerungen an euren grossen Tag.\" \/>\n<meta property=\"og:url\" content=\"https:\/\/www.weddies.de\/hochzeitsblog\/der-perfekte-hochzeitsfotograf-und-hochzeitsvideograf-fuer-euren-grossen-tag-in-der-schweiz\/\" \/>\n<meta property=\"og:site_name\" content=\"weddies Hochzeitsblog\" \/>\n<meta property=\"article:published_time\" content=\"2025-08-07T08:06:09+00:00\" \/>\n<meta property=\"article:modified_time\" content=\"2025-08-07T08:06:11+00:00\" \/>\n<meta property=\"og:image\" content=\"https:\/\/www.weddies.de\/hochzeitsblog\/wp-content\/uploads\/2025\/07\/hochzeitsfotograf-und-videograf-schweiz.jpg\" \/>\n\t<meta property=\"og:image:width\" content=\"1024\" \/>\n\t<meta property=\"og:image:height\" content=\"768\" \/>\n\t<meta property=\"og:image:type\" content=\"image\/jpeg\" \/>\n<meta name=\"author\" content=\"Viktoria\" \/>\n<meta name=\"twitter:card\" content=\"summary_large_image\" \/>\n<meta name=\"twitter:label1\" content=\"Verfasst von\" \/>\n\t<meta name=\"twitter:data1\" content=\"Viktoria\" \/>\n\t<meta name=\"twitter:label2\" content=\"Gesch\u00e4tzte Lesezeit\" \/>\n\t<meta name=\"twitter:data2\" content=\"4\u00a0Minuten\" \/>\n<script type=\"application\/ld+json\" class=\"yoast-schema-graph\">{\"@context\":\"https:\/\/schema.org\",\"@graph\":[{\"@type\":\"Article\",\"@id\":\"https:\/\/www.weddies.de\/hochzeitsblog\/der-perfekte-hochzeitsfotograf-und-hochzeitsvideograf-fuer-euren-grossen-tag-in-der-schweiz\/#article\",\"isPartOf\":{\"@id\":\"https:\/\/www.weddies.de\/hochzeitsblog\/der-perfekte-hochzeitsfotograf-und-hochzeitsvideograf-fuer-euren-grossen-tag-in-der-schweiz\/\"},\"author\":{\"name\":\"Viktoria\",\"@id\":\"https:\/\/www.weddies.de\/hochzeitsblog\/#\/schema\/person\/6f75fdbb2e41100bd55d9300914587a3\"},\"headline\":\"Der perfekte Hochzeitsfotograf &amp; Hochzeitsvideograf f\u00fcr euren grossen Tag in der Schweiz\",\"datePublished\":\"2025-08-07T08:06:09+00:00\",\"dateModified\":\"2025-08-07T08:06:11+00:00\",\"mainEntityOfPage\":{\"@id\":\"https:\/\/www.weddies.de\/hochzeitsblog\/der-perfekte-hochzeitsfotograf-und-hochzeitsvideograf-fuer-euren-grossen-tag-in-der-schweiz\/\"},\"wordCount\":568,\"commentCount\":0,\"publisher\":{\"@id\":\"https:\/\/www.weddies.de\/hochzeitsblog\/#organization\"},\"image\":{\"@id\":\"https:\/\/www.weddies.de\/hochzeitsblog\/der-perfekte-hochzeitsfotograf-und-hochzeitsvideograf-fuer-euren-grossen-tag-in-der-schweiz\/#primaryimage\"},\"thumbnailUrl\":\"https:\/\/www.weddies.de\/hochzeitsblog\/wp-content\/uploads\/2025\/07\/hochzeitsfotograf-und-videograf-schweiz.jpg\",\"keywords\":[\"Hochzeitsfotograf\",\"Hochzeitsvideograf\"],\"articleSection\":[\"Hochzeitsblog\",\"Hochzeitsfotos\",\"Hochzeitsplanung\",\"wed_IV\"],\"inLanguage\":\"de\",\"potentialAction\":[{\"@type\":\"CommentAction\",\"name\":\"Comment\",\"target\":[\"https:\/\/www.weddies.de\/hochzeitsblog\/der-perfekte-hochzeitsfotograf-und-hochzeitsvideograf-fuer-euren-grossen-tag-in-der-schweiz\/#respond\"]}]},{\"@type\":\"WebPage\",\"@id\":\"https:\/\/www.weddies.de\/hochzeitsblog\/der-perfekte-hochzeitsfotograf-und-hochzeitsvideograf-fuer-euren-grossen-tag-in-der-schweiz\/\",\"url\":\"https:\/\/www.weddies.de\/hochzeitsblog\/der-perfekte-hochzeitsfotograf-und-hochzeitsvideograf-fuer-euren-grossen-tag-in-der-schweiz\/\",\"name\":\"Hochzeitsfotograf & Videograf Schweiz \u2013 Dein perfekter Tag in Bildern\",\"isPartOf\":{\"@id\":\"https:\/\/www.weddies.de\/hochzeitsblog\/#website\"},\"primaryImageOfPage\":{\"@id\":\"https:\/\/www.weddies.de\/hochzeitsblog\/der-perfekte-hochzeitsfotograf-und-hochzeitsvideograf-fuer-euren-grossen-tag-in-der-schweiz\/#primaryimage\"},\"image\":{\"@id\":\"https:\/\/www.weddies.de\/hochzeitsblog\/der-perfekte-hochzeitsfotograf-und-hochzeitsvideograf-fuer-euren-grossen-tag-in-der-schweiz\/#primaryimage\"},\"thumbnailUrl\":\"https:\/\/www.weddies.de\/hochzeitsblog\/wp-content\/uploads\/2025\/07\/hochzeitsfotograf-und-videograf-schweiz.jpg\",\"datePublished\":\"2025-08-07T08:06:09+00:00\",\"dateModified\":\"2025-08-07T08:06:11+00:00\",\"description\":\"Finde deinen Hochzeitsfotograf & Videograf in der Schweiz. Authentische Fotos & emotionale Filme f\u00fcr unvergessliche Erinnerungen an euren grossen Tag.\",\"breadcrumb\":{\"@id\":\"https:\/\/www.weddies.de\/hochzeitsblog\/der-perfekte-hochzeitsfotograf-und-hochzeitsvideograf-fuer-euren-grossen-tag-in-der-schweiz\/#breadcrumb\"},\"inLanguage\":\"de\",\"potentialAction\":[{\"@type\":\"ReadAction\",\"target\":[\"https:\/\/www.weddies.de\/hochzeitsblog\/der-perfekte-hochzeitsfotograf-und-hochzeitsvideograf-fuer-euren-grossen-tag-in-der-schweiz\/\"]}]},{\"@type\":\"ImageObject\",\"inLanguage\":\"de\",\"@id\":\"https:\/\/www.weddies.de\/hochzeitsblog\/der-perfekte-hochzeitsfotograf-und-hochzeitsvideograf-fuer-euren-grossen-tag-in-der-schweiz\/#primaryimage\",\"url\":\"https:\/\/www.weddies.de\/hochzeitsblog\/wp-content\/uploads\/2025\/07\/hochzeitsfotograf-und-videograf-schweiz.jpg\",\"contentUrl\":\"https:\/\/www.weddies.de\/hochzeitsblog\/wp-content\/uploads\/2025\/07\/hochzeitsfotograf-und-videograf-schweiz.jpg\",\"width\":1024,\"height\":768,\"caption\":\"Hochzeitsfotograf & Videograf in der Schweiz\"},{\"@type\":\"BreadcrumbList\",\"@id\":\"https:\/\/www.weddies.de\/hochzeitsblog\/der-perfekte-hochzeitsfotograf-und-hochzeitsvideograf-fuer-euren-grossen-tag-in-der-schweiz\/#breadcrumb\",\"itemListElement\":[{\"@type\":\"ListItem\",\"position\":1,\"name\":\"Hochzeitsblog\",\"item\":\"https:\/\/www.weddies.de\/hochzeitsblog\/\"},{\"@type\":\"ListItem\",\"position\":2,\"name\":\"Hochzeitsfotos\",\"item\":\"https:\/\/www.weddies.de\/hochzeitsblog\/category\/hochzeitsfotos\/\"},{\"@type\":\"ListItem\",\"position\":3,\"name\":\"Der perfekte Hochzeitsfotograf &amp; Hochzeitsvideograf f\u00fcr euren grossen Tag in der Schweiz\"}]},{\"@type\":\"WebSite\",\"@id\":\"https:\/\/www.weddies.de\/hochzeitsblog\/#website\",\"url\":\"https:\/\/www.weddies.de\/hochzeitsblog\/\",\"name\":\"weddies Hochzeitsblog\",\"description\":\"Tipps, Ideen und Inspirationen f\u00fcr deine Hochzeit und Hochzeitsfotos\",\"publisher\":{\"@id\":\"https:\/\/www.weddies.de\/hochzeitsblog\/#organization\"},\"potentialAction\":[{\"@type\":\"SearchAction\",\"target\":{\"@type\":\"EntryPoint\",\"urlTemplate\":\"https:\/\/www.weddies.de\/hochzeitsblog\/?s={search_term_string}\"},\"query-input\":{\"@type\":\"PropertyValueSpecification\",\"valueRequired\":true,\"valueName\":\"search_term_string\"}}],\"inLanguage\":\"de\"},{\"@type\":\"Organization\",\"@id\":\"https:\/\/www.weddies.de\/hochzeitsblog\/#organization\",\"name\":\"weddies - Online Hochzeitsalbum & Hochzeitsfoto App\",\"url\":\"https:\/\/www.weddies.de\/hochzeitsblog\/\",\"logo\":{\"@type\":\"ImageObject\",\"inLanguage\":\"de\",\"@id\":\"https:\/\/www.weddies.de\/hochzeitsblog\/#\/schema\/logo\/image\/\",\"url\":\"https:\/\/www.weddies.de\/hochzeitsblog\/wp-content\/uploads\/2025\/02\/weddies-logo.jpg\",\"contentUrl\":\"https:\/\/www.weddies.de\/hochzeitsblog\/wp-content\/uploads\/2025\/02\/weddies-logo.jpg\",\"width\":500,\"height\":500,\"caption\":\"weddies - Online Hochzeitsalbum & Hochzeitsfoto App\"},\"image\":{\"@id\":\"https:\/\/www.weddies.de\/hochzeitsblog\/#\/schema\/logo\/image\/\"}},{\"@type\":\"Person\",\"@id\":\"https:\/\/www.weddies.de\/hochzeitsblog\/#\/schema\/person\/6f75fdbb2e41100bd55d9300914587a3\",\"name\":\"Viktoria\",\"image\":{\"@type\":\"ImageObject\",\"inLanguage\":\"de\",\"@id\":\"https:\/\/www.weddies.de\/hochzeitsblog\/#\/schema\/person\/image\/\",\"url\":\"https:\/\/secure.gravatar.com\/avatar\/dd62c26bbd847172a7ff1ce66fa826657d7b733ee79047adf7f5dfb160a04eb9?s=96&d=mm&r=g\",\"contentUrl\":\"https:\/\/secure.gravatar.com\/avatar\/dd62c26bbd847172a7ff1ce66fa826657d7b733ee79047adf7f5dfb160a04eb9?s=96&d=mm&r=g\",\"caption\":\"Viktoria\"},\"url\":\"https:\/\/www.weddies.de\/hochzeitsblog\/author\/viktoria\/\"}]}<\/script>\n<!-- \/ Yoast SEO plugin. -->","yoast_head_json":{"title":"Hochzeitsfotograf & Videograf Schweiz \u2013 Dein perfekter Tag in Bildern","description":"Finde deinen Hochzeitsfotograf & Videograf in der Schweiz. Authentische Fotos & emotionale Filme f\u00fcr unvergessliche Erinnerungen an euren grossen Tag.","robots":{"index":"index","follow":"follow","max-snippet":"max-snippet:-1","max-image-preview":"max-image-preview:large","max-video-preview":"max-video-preview:-1"},"canonical":"https:\/\/www.weddies.de\/hochzeitsblog\/der-perfekte-hochzeitsfotograf-und-hochzeitsvideograf-fuer-euren-grossen-tag-in-der-schweiz\/","og_locale":"de_DE","og_type":"article","og_title":"Hochzeitsfotograf & Videograf Schweiz \u2013 Dein perfekter Tag in Bildern","og_description":"Finde deinen Hochzeitsfotograf & Videograf in der Schweiz. Authentische Fotos & emotionale Filme f\u00fcr unvergessliche Erinnerungen an euren grossen Tag.","og_url":"https:\/\/www.weddies.de\/hochzeitsblog\/der-perfekte-hochzeitsfotograf-und-hochzeitsvideograf-fuer-euren-grossen-tag-in-der-schweiz\/","og_site_name":"weddies Hochzeitsblog","article_published_time":"2025-08-07T08:06:09+00:00","article_modified_time":"2025-08-07T08:06:11+00:00","og_image":[{"width":1024,"height":768,"url":"https:\/\/www.weddies.de\/hochzeitsblog\/wp-content\/uploads\/2025\/07\/hochzeitsfotograf-und-videograf-schweiz.jpg","type":"image\/jpeg"}],"author":"Viktoria","twitter_card":"summary_large_image","twitter_misc":{"Verfasst von":"Viktoria","Gesch\u00e4tzte Lesezeit":"4\u00a0Minuten"},"schema":{"@context":"https:\/\/schema.org","@graph":[{"@type":"Article","@id":"https:\/\/www.weddies.de\/hochzeitsblog\/der-perfekte-hochzeitsfotograf-und-hochzeitsvideograf-fuer-euren-grossen-tag-in-der-schweiz\/#article","isPartOf":{"@id":"https:\/\/www.weddies.de\/hochzeitsblog\/der-perfekte-hochzeitsfotograf-und-hochzeitsvideograf-fuer-euren-grossen-tag-in-der-schweiz\/"},"author":{"name":"Viktoria","@id":"https:\/\/www.weddies.de\/hochzeitsblog\/#\/schema\/person\/6f75fdbb2e41100bd55d9300914587a3"},"headline":"Der perfekte Hochzeitsfotograf &amp; Hochzeitsvideograf f\u00fcr euren grossen Tag in der Schweiz","datePublished":"2025-08-07T08:06:09+00:00","dateModified":"2025-08-07T08:06:11+00:00","mainEntityOfPage":{"@id":"https:\/\/www.weddies.de\/hochzeitsblog\/der-perfekte-hochzeitsfotograf-und-hochzeitsvideograf-fuer-euren-grossen-tag-in-der-schweiz\/"},"wordCount":568,"commentCount":0,"publisher":{"@id":"https:\/\/www.weddies.de\/hochzeitsblog\/#organization"},"image":{"@id":"https:\/\/www.weddies.de\/hochzeitsblog\/der-perfekte-hochzeitsfotograf-und-hochzeitsvideograf-fuer-euren-grossen-tag-in-der-schweiz\/#primaryimage"},"thumbnailUrl":"https:\/\/www.weddies.de\/hochzeitsblog\/wp-content\/uploads\/2025\/07\/hochzeitsfotograf-und-videograf-schweiz.jpg","keywords":["Hochzeitsfotograf","Hochzeitsvideograf"],"articleSection":["Hochzeitsblog","Hochzeitsfotos","Hochzeitsplanung","wed_IV"],"inLanguage":"de","potentialAction":[{"@type":"CommentAction","name":"Comment","target":["https:\/\/www.weddies.de\/hochzeitsblog\/der-perfekte-hochzeitsfotograf-und-hochzeitsvideograf-fuer-euren-grossen-tag-in-der-schweiz\/#respond"]}]},{"@type":"WebPage","@id":"https:\/\/www.weddies.de\/hochzeitsblog\/der-perfekte-hochzeitsfotograf-und-hochzeitsvideograf-fuer-euren-grossen-tag-in-der-schweiz\/","url":"https:\/\/www.weddies.de\/hochzeitsblog\/der-perfekte-hochzeitsfotograf-und-hochzeitsvideograf-fuer-euren-grossen-tag-in-der-schweiz\/","name":"Hochzeitsfotograf & Videograf Schweiz \u2013 Dein perfekter Tag in Bildern","isPartOf":{"@id":"https:\/\/www.weddies.de\/hochzeitsblog\/#website"},"primaryImageOfPage":{"@id":"https:\/\/www.weddies.de\/hochzeitsblog\/der-perfekte-hochzeitsfotograf-und-hochzeitsvideograf-fuer-euren-grossen-tag-in-der-schweiz\/#primaryimage"},"image":{"@id":"https:\/\/www.weddies.de\/hochzeitsblog\/der-perfekte-hochzeitsfotograf-und-hochzeitsvideograf-fuer-euren-grossen-tag-in-der-schweiz\/#primaryimage"},"thumbnailUrl":"https:\/\/www.weddies.de\/hochzeitsblog\/wp-content\/uploads\/2025\/07\/hochzeitsfotograf-und-videograf-schweiz.jpg","datePublished":"2025-08-07T08:06:09+00:00","dateModified":"2025-08-07T08:06:11+00:00","description":"Finde deinen Hochzeitsfotograf & Videograf in der Schweiz. Authentische Fotos & emotionale Filme f\u00fcr unvergessliche Erinnerungen an euren grossen Tag.","breadcrumb":{"@id":"https:\/\/www.weddies.de\/hochzeitsblog\/der-perfekte-hochzeitsfotograf-und-hochzeitsvideograf-fuer-euren-grossen-tag-in-der-schweiz\/#breadcrumb"},"inLanguage":"de","potentialAction":[{"@type":"ReadAction","target":["https:\/\/www.weddies.de\/hochzeitsblog\/der-perfekte-hochzeitsfotograf-und-hochzeitsvideograf-fuer-euren-grossen-tag-in-der-schweiz\/"]}]},{"@type":"ImageObject","inLanguage":"de","@id":"https:\/\/www.weddies.de\/hochzeitsblog\/der-perfekte-hochzeitsfotograf-und-hochzeitsvideograf-fuer-euren-grossen-tag-in-der-schweiz\/#primaryimage","url":"https:\/\/www.weddies.de\/hochzeitsblog\/wp-content\/uploads\/2025\/07\/hochzeitsfotograf-und-videograf-schweiz.jpg","contentUrl":"https:\/\/www.weddies.de\/hochzeitsblog\/wp-content\/uploads\/2025\/07\/hochzeitsfotograf-und-videograf-schweiz.jpg","width":1024,"height":768,"caption":"Hochzeitsfotograf & Videograf in der Schweiz"},{"@type":"BreadcrumbList","@id":"https:\/\/www.weddies.de\/hochzeitsblog\/der-perfekte-hochzeitsfotograf-und-hochzeitsvideograf-fuer-euren-grossen-tag-in-der-schweiz\/#breadcrumb","itemListElement":[{"@type":"ListItem","position":1,"name":"Hochzeitsblog","item":"https:\/\/www.weddies.de\/hochzeitsblog\/"},{"@type":"ListItem","position":2,"name":"Hochzeitsfotos","item":"https:\/\/www.weddies.de\/hochzeitsblog\/category\/hochzeitsfotos\/"},{"@type":"ListItem","position":3,"name":"Der perfekte Hochzeitsfotograf &amp; Hochzeitsvideograf f\u00fcr euren grossen Tag in der Schweiz"}]},{"@type":"WebSite","@id":"https:\/\/www.weddies.de\/hochzeitsblog\/#website","url":"https:\/\/www.weddies.de\/hochzeitsblog\/","name":"weddies Hochzeitsblog","description":"Tipps, Ideen und Inspirationen f\u00fcr deine Hochzeit und Hochzeitsfotos","publisher":{"@id":"https:\/\/www.weddies.de\/hochzeitsblog\/#organization"},"potentialAction":[{"@type":"SearchAction","target":{"@type":"EntryPoint","urlTemplate":"https:\/\/www.weddies.de\/hochzeitsblog\/?s={search_term_string}"},"query-input":{"@type":"PropertyValueSpecification","valueRequired":true,"valueName":"search_term_string"}}],"inLanguage":"de"},{"@type":"Organization","@id":"https:\/\/www.weddies.de\/hochzeitsblog\/#organization","name":"weddies - Online Hochzeitsalbum & Hochzeitsfoto App","url":"https:\/\/www.weddies.de\/hochzeitsblog\/","logo":{"@type":"ImageObject","inLanguage":"de","@id":"https:\/\/www.weddies.de\/hochzeitsblog\/#\/schema\/logo\/image\/","url":"https:\/\/www.weddies.de\/hochzeitsblog\/wp-content\/uploads\/2025\/02\/weddies-logo.jpg","contentUrl":"https:\/\/www.weddies.de\/hochzeitsblog\/wp-content\/uploads\/2025\/02\/weddies-logo.jpg","width":500,"height":500,"caption":"weddies - Online Hochzeitsalbum & Hochzeitsfoto App"},"image":{"@id":"https:\/\/www.weddies.de\/hochzeitsblog\/#\/schema\/logo\/image\/"}},{"@type":"Person","@id":"https:\/\/www.weddies.de\/hochzeitsblog\/#\/schema\/person\/6f75fdbb2e41100bd55d9300914587a3","name":"Viktoria","image":{"@type":"ImageObject","inLanguage":"de","@id":"https:\/\/www.weddies.de\/hochzeitsblog\/#\/schema\/person\/image\/","url":"https:\/\/secure.gravatar.com\/avatar\/dd62c26bbd847172a7ff1ce66fa826657d7b733ee79047adf7f5dfb160a04eb9?s=96&d=mm&r=g","contentUrl":"https:\/\/secure.gravatar.com\/avatar\/dd62c26bbd847172a7ff1ce66fa826657d7b733ee79047adf7f5dfb160a04eb9?s=96&d=mm&r=g","caption":"Viktoria"},"url":"https:\/\/www.weddies.de\/hochzeitsblog\/author\/viktoria\/"}]}},"_links":{"self":[{"href":"https:\/\/www.weddies.de\/hochzeitsblog\/wp-json\/wp\/v2\/posts\/26471","targetHints":{"allow":["GET"]}}],"collection":[{"href":"https:\/\/www.weddies.de\/hochzeitsblog\/wp-json\/wp\/v2\/posts"}],"about":[{"href":"https:\/\/www.weddies.de\/hochzeitsblog\/wp-json\/wp\/v2\/types\/post"}],"author":[{"embeddable":true,"href":"https:\/\/www.weddies.de\/hochzeitsblog\/wp-json\/wp\/v2\/users\/3066"}],"replies":[{"embeddable":true,"href":"https:\/\/www.weddies.de\/hochzeitsblog\/wp-json\/wp\/v2\/comments?post=26471"}],"version-history":[{"count":3,"href":"https:\/\/www.weddies.de\/hochzeitsblog\/wp-json\/wp\/v2\/posts\/26471\/revisions"}],"predecessor-version":[{"id":26474,"href":"https:\/\/www.weddies.de\/hochzeitsblog\/wp-json\/wp\/v2\/posts\/26471\/revisions\/26474"}],"wp:featuredmedia":[{"embeddable":true,"href":"https:\/\/www.weddies.de\/hochzeitsblog\/wp-json\/wp\/v2\/media\/26475"}],"wp:attachment":[{"href":"https:\/\/www.weddies.de\/hochzeitsblog\/wp-json\/wp\/v2\/media?parent=26471"}],"wp:term":[{"taxonomy":"category","embeddable":true,"href":"https:\/\/www.weddies.de\/hochzeitsblog\/wp-json\/wp\/v2\/categories?post=26471"},{"taxonomy":"post_tag","embeddable":true,"href":"https:\/\/www.weddies.de\/hochzeitsblog\/wp-json\/wp\/v2\/tags?post=26471"}],"curies":[{"name":"wp","href":"https:\/\/api.w.org\/{rel}","templated":true}]}}